{"id":5911,"date":"2026-04-28T14:45:11","date_gmt":"2026-04-28T13:45:11","guid":{"rendered":"https:\/\/lass.no-ip.com\/wordpress\/?p=5911"},"modified":"2026-04-28T14:45:11","modified_gmt":"2026-04-28T13:45:11","slug":"lass-firade-125-ar","status":"publish","type":"post","link":"https:\/\/lass.no-ip.com\/wordpress\/index.php\/2026\/04\/28\/lass-firade-125-ar\/","title":{"rendered":"LASS firade 125 \u00e5r!"},"content":{"rendered":"\n<p>I l\u00f6rdags 25 april firades LASS 125-\u00e5rsjubileum i Tekniska Verkens lokal Matverkstan, vackert bel\u00e4gen vid St\u00e5ng\u00e5n. Det var god uppslutning med 55 deltagare, inte bara klubbmedlemmar utan ocks\u00e5 en hel del respektive och andra LASS-v\u00e4nner.<\/p>\n\n\n\n<figure class=\"wp-block-image size-full\"><img loading=\"lazy\" decoding=\"async\" width=\"800\" height=\"600\" src=\"https:\/\/lass.no-ip.com\/wordpress\/wp-content\/uploads\/2026\/04\/LASS125mingel.jpg\" alt=\"\" class=\"wp-image-5909\" srcset=\"https:\/\/lass.no-ip.com\/wordpress\/wp-content\/uploads\/2026\/04\/LASS125mingel.jpg 800w, https:\/\/lass.no-ip.com\/wordpress\/wp-content\/uploads\/2026\/04\/LASS125mingel-300x225.jpg 300w, https:\/\/lass.no-ip.com\/wordpress\/wp-content\/uploads\/2026\/04\/LASS125mingel-768x576.jpg 768w, https:\/\/lass.no-ip.com\/wordpress\/wp-content\/uploads\/2026\/04\/LASS125mingel-400x300.jpg 400w\" sizes=\"auto, (max-width: 800px) 100vw, 800px\" \/><figcaption class=\"wp-element-caption\">Tom Axelsson i samtal med Ingvar Carlsson och J\u00f6rgen Fransson.    Foto: Simon Ivarsson<\/figcaption><\/figure>\n\n\n\n<p>Kv\u00e4llen inleddes med lite mingel och d\u00e4refter visade Fredrik Qwarfort fr\u00e5n jubileumskommitt\u00e9n ett bildspel med bilder fr\u00e5n LASS tidiga historia i b\u00f6rjan av 1900-talet.<\/p>\n\n\n\n<figure class=\"wp-block-image size-full\"><img loading=\"lazy\" decoding=\"async\" width=\"590\" height=\"443\" src=\"https:\/\/lass.no-ip.com\/wordpress\/wp-content\/uploads\/2026\/04\/LASS125Pia.jpg\" alt=\"\" class=\"wp-image-5908\" srcset=\"https:\/\/lass.no-ip.com\/wordpress\/wp-content\/uploads\/2026\/04\/LASS125Pia.jpg 590w, https:\/\/lass.no-ip.com\/wordpress\/wp-content\/uploads\/2026\/04\/LASS125Pia-300x225.jpg 300w, https:\/\/lass.no-ip.com\/wordpress\/wp-content\/uploads\/2026\/04\/LASS125Pia-400x300.jpg 400w\" sizes=\"auto, (max-width: 590px) 100vw, 590px\" \/><figcaption class=\"wp-element-caption\">GM Pia Cramling h\u00e5ller f\u00f6redrag         Foto: Magnus Olsson<\/figcaption><\/figure>\n\n\n\n<p>D\u00e4refter var det dags f\u00f6r kv\u00e4llens stora begivenhet, en f\u00f6rel\u00e4sning med GM Pia Cramling, som faktiskt spelade f\u00f6r LASS i Elitserien s\u00e4songen 2005-2006! Det blev n\u00e5gra partier d\u00e4rifr\u00e5n, och m\u00e5nga andra intressanta partier och historier fr\u00e5n lagmatcher i seriespel i olika l\u00e4nder ur Pias l\u00e5nga karri\u00e4r.<\/p>\n\n\n\n<figure class=\"wp-block-image size-large\"><img loading=\"lazy\" decoding=\"async\" width=\"1024\" height=\"768\" src=\"https:\/\/lass.no-ip.com\/wordpress\/wp-content\/uploads\/2026\/04\/IMG_2110-1024x768.jpg\" alt=\"\" class=\"wp-image-5910\" srcset=\"https:\/\/lass.no-ip.com\/wordpress\/wp-content\/uploads\/2026\/04\/IMG_2110-1024x768.jpg 1024w, https:\/\/lass.no-ip.com\/wordpress\/wp-content\/uploads\/2026\/04\/IMG_2110-300x225.jpg 300w, https:\/\/lass.no-ip.com\/wordpress\/wp-content\/uploads\/2026\/04\/IMG_2110-768x576.jpg 768w, https:\/\/lass.no-ip.com\/wordpress\/wp-content\/uploads\/2026\/04\/IMG_2110-1536x1152.jpg 1536w, https:\/\/lass.no-ip.com\/wordpress\/wp-content\/uploads\/2026\/04\/IMG_2110-2048x1536.jpg 2048w, https:\/\/lass.no-ip.com\/wordpress\/wp-content\/uploads\/2026\/04\/IMG_2110-400x300.jpg 400w\" sizes=\"auto, (max-width: 1024px) 100vw, 1024px\" \/><figcaption class=\"wp-element-caption\">Uppm\u00e4rksam publik under f\u00f6redraget.     Foto: Simon Ivarsson<\/figcaption><\/figure>\n\n\n\n<p>D\u00e4refter tog en god trer\u00e4ttersmiddag vid och det blev ocks\u00e5 tillf\u00e4lle att uppm\u00e4rksamma flera av v\u00e5ra medlemmar som utm\u00e4rkt sig p\u00e5 olika s\u00e4tt.<\/p>\n\n\n\n<figure class=\"wp-block-image size-full\"><img loading=\"lazy\" decoding=\"async\" width=\"443\" height=\"590\" src=\"https:\/\/lass.no-ip.com\/wordpress\/wp-content\/uploads\/2026\/04\/LASS125Peter.jpg\" alt=\"\" class=\"wp-image-5907\" srcset=\"https:\/\/lass.no-ip.com\/wordpress\/wp-content\/uploads\/2026\/04\/LASS125Peter.jpg 443w, https:\/\/lass.no-ip.com\/wordpress\/wp-content\/uploads\/2026\/04\/LASS125Peter-225x300.jpg 225w\" sizes=\"auto, (max-width: 443px) 100vw, 443px\" \/><figcaption class=\"wp-element-caption\">Peter Halvarsson, nybliven hedersmedlem    Foto: Magnus Olsson<\/figcaption><\/figure>\n\n\n\n<p>V\u00e5r tidigare ordf\u00f6rande Peter Halvarsson blev vid senaste \u00e5rsm\u00f6tet invald som hedersmedlem i LASS, och fick mottaga en blombukett och appl\u00e5der.<\/p>\n\n\n\n<figure class=\"wp-block-image size-full\"><img loading=\"lazy\" decoding=\"async\" width=\"590\" height=\"443\" src=\"https:\/\/lass.no-ip.com\/wordpress\/wp-content\/uploads\/2026\/04\/LASS125Marten.jpg\" alt=\"\" class=\"wp-image-5905\" srcset=\"https:\/\/lass.no-ip.com\/wordpress\/wp-content\/uploads\/2026\/04\/LASS125Marten.jpg 590w, https:\/\/lass.no-ip.com\/wordpress\/wp-content\/uploads\/2026\/04\/LASS125Marten-300x225.jpg 300w, https:\/\/lass.no-ip.com\/wordpress\/wp-content\/uploads\/2026\/04\/LASS125Marten-400x300.jpg 400w\" sizes=\"auto, (max-width: 590px) 100vw, 590px\" \/><figcaption class=\"wp-element-caption\">Stefan Andersson och M\u00e5rten Garner tar emot diplom av Ofelia Th\u00f6rnqvist   Foto: Magnus Olsson<\/figcaption><\/figure>\n\n\n\n<p>V\u00e5ra fantastiska ungdomsledare mottog ungdomsledarstipendium. F\u00f6rutom Stefan Andersson och M\u00e5rten Garner som var p\u00e5 plats tilldelas ungdomsledarstipendium ocks\u00e5 till Sam Grundel, Noah Leijon och Emma Larsson.<\/p>\n\n\n\n<p>M\u00e5nga LASS:are har l\u00e4nge haft uppdrag i klubben. Collijnplaketten i brons, som kan utdelas till den som haft uppdrag p\u00e5 klubbniv\u00e5 i \u00f6ver 10 \u00e5r, tilldelades Magnus Olsson, Sam Grundel, Klas Skytt, Archie Tonkin, Ofelia Th\u00f6rnqvist och Simon Ivarsson.<\/p>\n\n\n\n<p>Sammanfattningsvis blev det en mycket trevlig kv\u00e4ll, som visar att LASS trots sin respektabla \u00e5lder \u00e4r en ytterst vital och v\u00e4lm\u00e5ende klubb!<\/p>\n","protected":false},"excerpt":{"rendered":"<p>I l\u00f6rdags 25 april firades LASS 125-\u00e5rsjubileum i Tekniska Verkens lokal Matverkstan, vackert bel\u00e4gen vid St\u00e5ng\u00e5n. Det var god uppslutning med 55 deltagare, inte bara klubbmedlemmar utan ocks\u00e5 en hel del respektive och andra LASS-v\u00e4nner. Kv\u00e4llen inleddes med lite mingel och d\u00e4refter visade Fredrik Qwarfort fr\u00e5n jubileumskommitt\u00e9n ett bildspel med bilder fr\u00e5n LASS tidiga historia i b\u00f6rjan av 1900-talet. D\u00e4refter var det dags f\u00f6r kv\u00e4llens stora begivenhet, en f\u00f6rel\u00e4sning med GM Pia Cramling, som faktiskt spelade f\u00f6r LASS i Elitserien s\u00e4songen 2005-2006! Det blev n\u00e5gra partier d\u00e4rifr\u00e5n, och m\u00e5nga andra intressanta partier och historier fr\u00e5n lagmatcher i seriespel i olika l\u00e4nder ur Pias l\u00e5nga karri\u00e4r. D\u00e4refter tog en god trer\u00e4ttersmiddag vid och det blev ocks\u00e5 tillf\u00e4lle att uppm\u00e4rksamma flera av v\u00e5ra medlemmar som utm\u00e4rkt sig p\u00e5 olika s\u00e4tt. V\u00e5r tidigare ordf\u00f6rande Peter Halvarsson blev vid senaste \u00e5rsm\u00f6tet invald som hedersmedlem i LASS, och fick mottaga en blombukett och appl\u00e5der. V\u00e5ra fantastiska ungdomsledare mottog ungdomsledarstipendium. F\u00f6rutom Stefan Andersson och M\u00e5rten Garner som var p\u00e5 plats tilldelas ungdomsledarstipendium ocks\u00e5 till Sam Grundel, Noah Leijon och Emma Larsson. M\u00e5nga LASS:are har l\u00e4nge haft uppdrag i klubben. Collijnplaketten i brons, som kan utdelas till den som haft uppdrag p\u00e5 klubbniv\u00e5 i \u00f6ver 10 \u00e5r, tilldelades Magnus Olsson, Sam Grundel, Klas Skytt, Archie Tonkin, Ofelia Th\u00f6rnqvist och Simon Ivarsson. Sammanfattningsvis blev det en mycket trevlig kv\u00e4ll, som visar att LASS trots sin respektabla \u00e5lder \u00e4r en ytterst vital och v\u00e4lm\u00e5ende klubb!<\/p>\n","protected":false},"author":6,"featured_media":0,"comment_status":"closed","ping_status":"closed","sticky":false,"template":"","format":"standard","meta":{"wp_social_preview_title":"","wp_social_preview_description":"","wp_social_preview_image":0,"footnotes":""},"categories":[1],"tags":[],"class_list":["post-5911","post","type-post","status-publish","format-standard","hentry","category-uncategorized"],"_links":{"self":[{"href":"https:\/\/lass.no-ip.com\/wordpress\/index.php\/wp-json\/wp\/v2\/posts\/5911","targetHints":{"allow":["GET"]}}],"collection":[{"href":"https:\/\/lass.no-ip.com\/wordpress\/index.php\/wp-json\/wp\/v2\/posts"}],"about":[{"href":"https:\/\/lass.no-ip.com\/wordpress\/index.php\/wp-json\/wp\/v2\/types\/post"}],"author":[{"embeddable":true,"href":"https:\/\/lass.no-ip.com\/wordpress\/index.php\/wp-json\/wp\/v2\/users\/6"}],"replies":[{"embeddable":true,"href":"https:\/\/lass.no-ip.com\/wordpress\/index.php\/wp-json\/wp\/v2\/comments?post=5911"}],"version-history":[{"count":1,"href":"https:\/\/lass.no-ip.com\/wordpress\/index.php\/wp-json\/wp\/v2\/posts\/5911\/revisions"}],"predecessor-version":[{"id":5912,"href":"https:\/\/lass.no-ip.com\/wordpress\/index.php\/wp-json\/wp\/v2\/posts\/5911\/revisions\/5912"}],"wp:attachment":[{"href":"https:\/\/lass.no-ip.com\/wordpress\/index.php\/wp-json\/wp\/v2\/media?parent=5911"}],"wp:term":[{"taxonomy":"category","embeddable":true,"href":"https:\/\/lass.no-ip.com\/wordpress\/index.php\/wp-json\/wp\/v2\/categories?post=5911"},{"taxonomy":"post_tag","embeddable":true,"href":"https:\/\/lass.no-ip.com\/wordpress\/index.php\/wp-json\/wp\/v2\/tags?post=5911"}],"curies":[{"name":"wp","href":"https:\/\/api.w.org\/{rel}","templated":true}]}}