{"id":4292,"date":"2023-09-14T19:33:33","date_gmt":"2023-09-14T18:33:33","guid":{"rendered":"https:\/\/lass.no-ip.com\/wordpress\/?p=4292"},"modified":"2023-09-14T19:33:33","modified_gmt":"2023-09-14T18:33:33","slug":"forsta-ronden-i-lm-ar-lottad","status":"publish","type":"post","link":"https:\/\/lass.no-ip.com\/wordpress\/index.php\/2023\/09\/14\/forsta-ronden-i-lm-ar-lottad\/","title":{"rendered":"F\u00f6rsta ronden i LM \u00e4r lottad"},"content":{"rendered":"\n<p>Nu har vi lottat f\u00f6rsta ronden i LM! Lottningen finns p\u00e5 menyn &#8221;LM&#8221; p\u00e5 hemsidan, eller <a href=\"https:\/\/member.schack.se\/ShowTournamentServlet?id=12125\">h\u00e4r<\/a>. <\/p>\n\n\n\n<p>Det blev 52 deltagare, vilket \u00e4r n\u00e4stan lika m\u00e5nga som i rekord-KM i v\u00e5ras! Vi f\u00e5r inte plats s\u00e5 m\u00e5nga i klubblokalen, utan partierna p\u00e5 bord 1-13 i rond 1 spelas tisdag 19\/9 och partierna p\u00e5 bord 14-26 spelas p\u00e5 torsdag 21\/9. <\/p>\n\n\n\n<p>Det \u00e4r till\u00e5tet att byta speldag om du inte kan p\u00e5 den utsatta dagen. <\/p>\n\n\n\n<p>Hur du tar reda p\u00e5 om du spelar p\u00e5 tisdag eller torsdag, och hur du b\u00e4r dig \u00e5t f\u00f6r att byta speldag om det skulle beh\u00f6vas, st\u00e5r <a href=\"https:\/\/lass.no-ip.com\/wordpress\/index.php\/speldagar-och-speltider-i-lm\/\">h\u00e4r<\/a>.<\/p>\n\n\n\n<p>Om du har fr\u00e5gor, kontakta t\u00e4vlingsledningen: M\u00e5rten Garner, Fredrik Qwarfort, Simon Malm eller Magnus Olsson.<\/p>\n\n\n\n<p>V\u00e4l m\u00f6tt n\u00e4sta vecka!<\/p>\n\n\n\n<p><\/p>\n","protected":false},"excerpt":{"rendered":"<p>Nu har vi lottat f\u00f6rsta ronden i LM! Lottningen finns p\u00e5 menyn &#8221;LM&#8221; p\u00e5 hemsidan, eller h\u00e4r. Det blev 52 deltagare, vilket \u00e4r n\u00e4stan lika m\u00e5nga som i rekord-KM i v\u00e5ras! Vi f\u00e5r inte plats s\u00e5 m\u00e5nga i klubblokalen, utan partierna p\u00e5 bord 1-13 i rond 1 spelas tisdag 19\/9 och partierna p\u00e5 bord 14-26 spelas p\u00e5 torsdag 21\/9. Det \u00e4r till\u00e5tet att byta speldag om du inte kan p\u00e5 den utsatta dagen. Hur du tar reda p\u00e5 om du spelar p\u00e5 tisdag eller torsdag, och hur du b\u00e4r dig \u00e5t f\u00f6r att byta speldag om det skulle beh\u00f6vas, st\u00e5r h\u00e4r. Om du har fr\u00e5gor, kontakta t\u00e4vlingsledningen: M\u00e5rten Garner, Fredrik Qwarfort, Simon Malm eller Magnus Olsson. V\u00e4l m\u00f6tt n\u00e4sta vecka!<\/p>\n","protected":false},"author":5,"featured_media":0,"comment_status":"closed","ping_status":"closed","sticky":false,"template":"","format":"standard","meta":{"wp_social_preview_title":"","wp_social_preview_description":"","wp_social_preview_image":0,"footnotes":""},"categories":[1],"tags":[],"class_list":["post-4292","post","type-post","status-publish","format-standard","hentry","category-uncategorized"],"_links":{"self":[{"href":"https:\/\/lass.no-ip.com\/wordpress\/index.php\/wp-json\/wp\/v2\/posts\/4292","targetHints":{"allow":["GET"]}}],"collection":[{"href":"https:\/\/lass.no-ip.com\/wordpress\/index.php\/wp-json\/wp\/v2\/posts"}],"about":[{"href":"https:\/\/lass.no-ip.com\/wordpress\/index.php\/wp-json\/wp\/v2\/types\/post"}],"author":[{"embeddable":true,"href":"https:\/\/lass.no-ip.com\/wordpress\/index.php\/wp-json\/wp\/v2\/users\/5"}],"replies":[{"embeddable":true,"href":"https:\/\/lass.no-ip.com\/wordpress\/index.php\/wp-json\/wp\/v2\/comments?post=4292"}],"version-history":[{"count":1,"href":"https:\/\/lass.no-ip.com\/wordpress\/index.php\/wp-json\/wp\/v2\/posts\/4292\/revisions"}],"predecessor-version":[{"id":4293,"href":"https:\/\/lass.no-ip.com\/wordpress\/index.php\/wp-json\/wp\/v2\/posts\/4292\/revisions\/4293"}],"wp:attachment":[{"href":"https:\/\/lass.no-ip.com\/wordpress\/index.php\/wp-json\/wp\/v2\/media?parent=4292"}],"wp:term":[{"taxonomy":"category","embeddable":true,"href":"https:\/\/lass.no-ip.com\/wordpress\/index.php\/wp-json\/wp\/v2\/categories?post=4292"},{"taxonomy":"post_tag","embeddable":true,"href":"https:\/\/lass.no-ip.com\/wordpress\/index.php\/wp-json\/wp\/v2\/tags?post=4292"}],"curies":[{"name":"wp","href":"https:\/\/api.w.org\/{rel}","templated":true}]}}