{"id":1478,"date":"2019-02-03T22:17:08","date_gmt":"2019-02-03T21:17:08","guid":{"rendered":"http:\/\/lass.no-ip.com\/wordpress\/?p=1478"},"modified":"2019-02-03T22:17:08","modified_gmt":"2019-02-03T21:17:08","slug":"rekordstarkt-forstalag-slog-vastervik-borta","status":"publish","type":"post","link":"https:\/\/lass.no-ip.com\/wordpress\/index.php\/2019\/02\/03\/rekordstarkt-forstalag-slog-vastervik-borta\/","title":{"rendered":"Rekordstarkt f\u00f6rstalag slog V\u00e4stervik borta"},"content":{"rendered":"<p>Dagens f\u00f6rstalag var det starkaste LASS st\u00e4llt upp med p\u00e5 flera \u00e5r. Vi tog oss p\u00e5 sn\u00f6iga v\u00e4gar till V\u00e4stervik f\u00f6r femte ronden i Allsvenskan och vann en spelm\u00e4ssigt j\u00e4mn match med 5-3. D\u00e4rmed \u00e4r vi p\u00e5 fj\u00e4rde plats i tabellen med tv\u00e5 ronder kvar. Ett referat fr\u00e5n matchen finns p\u00e5 <a href=\"http:\/\/larsgrahn.blogspot.com\/2019\/02\/allsvensk-duell-i-vastervik.html?m=1\">Lars Grahns klassiska blogg<\/a>.<\/p>\n<p><img loading=\"lazy\" decoding=\"async\" src=\"http:\/\/lass.no-ip.com\/wordpress\/wp-content\/uploads\/2019\/02\/img_9932.jpg\" class=\"size-full wp-image-1477\" width=\"1136\" height=\"323\" srcset=\"https:\/\/lass.no-ip.com\/wordpress\/wp-content\/uploads\/2019\/02\/img_9932.jpg 1136w, https:\/\/lass.no-ip.com\/wordpress\/wp-content\/uploads\/2019\/02\/img_9932-300x85.jpg 300w, https:\/\/lass.no-ip.com\/wordpress\/wp-content\/uploads\/2019\/02\/img_9932-768x218.jpg 768w, https:\/\/lass.no-ip.com\/wordpress\/wp-content\/uploads\/2019\/02\/img_9932-1024x291.jpg 1024w, https:\/\/lass.no-ip.com\/wordpress\/wp-content\/uploads\/2019\/02\/img_9932-400x114.jpg 400w\" sizes=\"auto, (max-width: 1136px) 100vw, 1136px\" \/><\/p>\n","protected":false},"excerpt":{"rendered":"<p>Dagens f\u00f6rstalag var det starkaste LASS st\u00e4llt upp med p\u00e5 flera \u00e5r. Vi tog oss p\u00e5 sn\u00f6iga v\u00e4gar till V\u00e4stervik f\u00f6r femte ronden i Allsvenskan och vann en spelm\u00e4ssigt j\u00e4mn match med 5-3. D\u00e4rmed \u00e4r vi p\u00e5 fj\u00e4rde plats i tabellen med tv\u00e5 ronder kvar. Ett referat fr\u00e5n matchen finns p\u00e5 Lars Grahns klassiska blogg.<\/p>\n","protected":false},"author":4,"featured_media":0,"comment_status":"closed","ping_status":"closed","sticky":false,"template":"","format":"standard","meta":{"wp_social_preview_title":"","wp_social_preview_description":"","wp_social_preview_image":0,"footnotes":""},"categories":[1],"tags":[],"class_list":["post-1478","post","type-post","status-publish","format-standard","hentry","category-uncategorized"],"_links":{"self":[{"href":"https:\/\/lass.no-ip.com\/wordpress\/index.php\/wp-json\/wp\/v2\/posts\/1478","targetHints":{"allow":["GET"]}}],"collection":[{"href":"https:\/\/lass.no-ip.com\/wordpress\/index.php\/wp-json\/wp\/v2\/posts"}],"about":[{"href":"https:\/\/lass.no-ip.com\/wordpress\/index.php\/wp-json\/wp\/v2\/types\/post"}],"author":[{"embeddable":true,"href":"https:\/\/lass.no-ip.com\/wordpress\/index.php\/wp-json\/wp\/v2\/users\/4"}],"replies":[{"embeddable":true,"href":"https:\/\/lass.no-ip.com\/wordpress\/index.php\/wp-json\/wp\/v2\/comments?post=1478"}],"version-history":[{"count":1,"href":"https:\/\/lass.no-ip.com\/wordpress\/index.php\/wp-json\/wp\/v2\/posts\/1478\/revisions"}],"predecessor-version":[{"id":1479,"href":"https:\/\/lass.no-ip.com\/wordpress\/index.php\/wp-json\/wp\/v2\/posts\/1478\/revisions\/1479"}],"wp:attachment":[{"href":"https:\/\/lass.no-ip.com\/wordpress\/index.php\/wp-json\/wp\/v2\/media?parent=1478"}],"wp:term":[{"taxonomy":"category","embeddable":true,"href":"https:\/\/lass.no-ip.com\/wordpress\/index.php\/wp-json\/wp\/v2\/categories?post=1478"},{"taxonomy":"post_tag","embeddable":true,"href":"https:\/\/lass.no-ip.com\/wordpress\/index.php\/wp-json\/wp\/v2\/tags?post=1478"}],"curies":[{"name":"wp","href":"https:\/\/api.w.org\/{rel}","templated":true}]}}